{"id":4119,"date":"2024-11-20T17:05:02","date_gmt":"2024-11-20T17:05:02","guid":{"rendered":"https:\/\/lisjoyas.com\/?p=4119"},"modified":"2024-11-20T17:05:02","modified_gmt":"2024-11-20T17:05:02","slug":"fashionday","status":"publish","type":"post","link":"http:\/\/lisjoyas.com\/en\/2024\/11\/20\/fashionday\/","title":{"rendered":"Fashion Day"},"content":{"rendered":"<div id=\"fws_69f594b1df9ef\"  data-column-margin=\"default\" data-midnight=\"dark\"  class=\"wpb_row vc_row-fluid vc_row\"  style=\"padding-top: 0px; padding-bottom: 0px; \"><div class=\"row-bg-wrap\" data-bg-animation=\"none\" data-bg-animation-delay=\"\" data-bg-overlay=\"false\"><div class=\"inner-wrap row-bg-layer\" ><div class=\"row-bg viewport-desktop\"  style=\"\"><\/div><\/div><\/div><div class=\"row_col_wrap_12 col span_12 dark left\">\n\t<div  class=\"vc_col-sm-4 wpb_column column_container vc_column_container col no-extra-padding inherit_tablet inherit_phone\"  data-padding-pos=\"all\" data-has-bg-color=\"false\" data-bg-color=\"\" data-bg-opacity=\"1\" data-animation=\"\" data-delay=\"0\" >\n\t\t<div class=\"vc_column-inner\" >\n\t\t\t<div class=\"wpb_wrapper\">\n\t\t\t\t<div class=\"img-with-aniamtion-wrap\" data-max-width=\"100%\" data-max-width-mobile=\"default\" data-shadow=\"none\" data-animation=\"none\" >\n      <div class=\"inner\">\n        <div class=\"hover-wrap\"> \n          <div class=\"hover-wrap-inner\">\n            <img loading=\"lazy\" decoding=\"async\" class=\"img-with-animation skip-lazy\" data-delay=\"0\" height=\"100\" width=\"100\" data-animation=\"none\" src=\"\" alt=\"\"  \/>\n          <\/div>\n        <\/div>\n      <\/div>\n    <\/div>\n\t\t\t<\/div> \n\t\t<\/div>\n\t<\/div> \n\n\t<div  class=\"vc_col-sm-8 wpb_column column_container vc_column_container col no-extra-padding inherit_tablet inherit_phone\"  data-padding-pos=\"all\" data-has-bg-color=\"false\" data-bg-color=\"\" data-bg-opacity=\"1\" data-animation=\"\" data-delay=\"0\" >\n\t\t<div class=\"vc_column-inner\" >\n\t\t\t<div class=\"wpb_wrapper\">\n\t\t\t\t\n<div class=\"wpb_text_column wpb_content_element\" >\n\t<div class=\"wpb_wrapper\">\n\t\t<p>On October 22, Fashion Day Made in Uruguay was held at the Hotel Cottage in Carrasco, bringing together important national fashion brands. This event was produced by Mar\u00eda In\u00e9s Rodr\u00edguez and hosted by Eunice Castro, who set the pace of the day with her experience and charisma.<\/p>\n<p>Lis Joyas was part of this special occasion, presenting its spring-summer 2025 collection, inspired by the delicacy of flowers and the energy of abstract shapes, fusing the best of nature with a modern and daring style.<\/p>\n<p>This season&#039;s designs celebrate the freshness, color and vibrant essence of spring and summer, with pieces that seek to highlight each person&#039;s style, characterized by hand-made designs in Uruguayan leather. The collection stands out for its unique and modern style, highlighting the quality and detailed work of each piece.<\/p>\n<p>With only two years in the market, Lis Joyas reaffirms its commitment to Uruguayan fashion, betting on local talent and the authenticity of materials.<\/p>\n<p>Fashion Day Made in Uruguay was an opportunity to showcase the potential of national fashion and the impact of emerging brands such as Lis Joyas on the fashion scene.<\/p>\n\t<\/div>\n<\/div>\n\n\n\n<a class=\"nectar-button large regular accent-color  regular-button\"  role=\"button\" style=\"\" target=\"_blank\" href=\"https:\/\/neturuguay.com\/2024\/10\/24\/lis-joyas-estuvo-presente-en-el-fashion-day-made-in-uruguay-by-maria-ines-rodriguez\/\" data-color-override=\"false\" data-hover-color-override=\"false\" data-hover-text-color-override=\"#fff\"><span>Read full note<\/span><\/a>\n\t\t\t<\/div> \n\t\t<\/div>\n\t<\/div> \n<\/div><\/div>","protected":false},"excerpt":{"rendered":"El pasado 22 de octubre se realiz\u00f3 el Fashion Day Made in Uruguay en el Hotel Cottage de Carrasco, reuniendo a importantes marcas de moda nacional. Este evento fue producido...","protected":false},"author":2,"featured_media":0,"comment_status":"open","ping_status":"open","sticky":false,"template":"","format":"video","meta":{"inline_featured_image":false,"_joinchat":[],"footnotes":""},"categories":[236,239],"tags":[256,285,259,257,258],"class_list":{"0":"post-4119","1":"post","2":"type-post","3":"status-publish","4":"format-video","6":"category-236","7":"category-prensa","8":"tag-desfiles","9":"tag-fashionday","10":"tag-lis-joyas","11":"tag-moda","12":"tag-uruguay-for-export","13":"post_format-post-format-video"},"yoast_head":"<!-- This site is optimized with the Yoast SEO plugin v23.2 - https:\/\/yoast.com\/wordpress\/plugins\/seo\/ -->\n<title>Fashion Day - Lis Joyas<\/title>\n<meta name=\"description\" content=\"Lis Joyas fue parte de esta pasarela especial presentando la colecci\u00f3n primavera verano 2025 en el Hotel Cottage de Carrasco\" \/>\n<meta name=\"robots\" content=\"index, follow, max-snippet:-1, max-image-preview:large, max-video-preview:-1\" \/>\n<link rel=\"canonical\" href=\"http:\/\/lisjoyas.com\/en\/2024\/11\/20\/fashionday\/\" \/>\n<meta property=\"og:locale\" content=\"en_US\" \/>\n<meta property=\"og:type\" content=\"article\" \/>\n<meta property=\"og:title\" content=\"Fashion Day - Lis Joyas\" \/>\n<meta property=\"og:description\" content=\"Lis Joyas fue parte de esta pasarela especial presentando la colecci\u00f3n primavera verano 2025 en el Hotel Cottage de Carrasco\" \/>\n<meta property=\"og:url\" content=\"http:\/\/lisjoyas.com\/en\/2024\/11\/20\/fashionday\/\" \/>\n<meta property=\"og:site_name\" content=\"Lis Joyas\" \/>\n<meta property=\"article:publisher\" content=\"https:\/\/www.facebook.com\/joyascontemporaneaslis?locale=es_LA\" \/>\n<meta property=\"article:published_time\" content=\"2024-11-20T17:05:02+00:00\" \/>\n<meta property=\"og:image\" content=\"https:\/\/lisjoyas.com\/wp-content\/uploads\/2024\/10\/pendientes-square-rojo.jpg\" \/>\n\t<meta property=\"og:image:width\" content=\"500\" \/>\n\t<meta property=\"og:image:height\" content=\"688\" \/>\n\t<meta property=\"og:image:type\" content=\"image\/jpeg\" \/>\n<meta name=\"author\" content=\"Lis Joyas\" \/>\n<meta name=\"twitter:card\" content=\"summary_large_image\" \/>\n<meta name=\"twitter:label1\" content=\"Written by\" \/>\n\t<meta name=\"twitter:data1\" content=\"Lis Joyas\" \/>\n\t<meta name=\"twitter:label2\" content=\"Est. reading time\" \/>\n\t<meta name=\"twitter:data2\" content=\"2 minutes\" \/>\n<script type=\"application\/ld+json\" class=\"yoast-schema-graph\">{\"@context\":\"https:\/\/schema.org\",\"@graph\":[{\"@type\":\"Article\",\"@id\":\"https:\/\/lisjoyas.com\/2024\/11\/20\/fashionday\/#article\",\"isPartOf\":{\"@id\":\"https:\/\/lisjoyas.com\/2024\/11\/20\/fashionday\/\"},\"author\":{\"name\":\"Lis Joyas\",\"@id\":\"https:\/\/lisjoyas.com\/#\/schema\/person\/b99836c1c5edc8d3135c283ea53a99e4\"},\"headline\":\"Fashion Day\",\"datePublished\":\"2024-11-20T17:05:02+00:00\",\"dateModified\":\"2024-11-20T17:05:02+00:00\",\"mainEntityOfPage\":{\"@id\":\"https:\/\/lisjoyas.com\/2024\/11\/20\/fashionday\/\"},\"wordCount\":542,\"commentCount\":0,\"publisher\":{\"@id\":\"https:\/\/lisjoyas.com\/#organization\"},\"keywords\":[\"desfiles\",\"fashionday\",\"lis joyas\",\"moda\",\"uruguay for export\"],\"articleSection\":[\"2024\",\"Prensa\"],\"inLanguage\":\"en-US\",\"potentialAction\":[{\"@type\":\"CommentAction\",\"name\":\"Comment\",\"target\":[\"https:\/\/lisjoyas.com\/2024\/11\/20\/fashionday\/#respond\"]}]},{\"@type\":\"WebPage\",\"@id\":\"https:\/\/lisjoyas.com\/2024\/11\/20\/fashionday\/\",\"url\":\"https:\/\/lisjoyas.com\/2024\/11\/20\/fashionday\/\",\"name\":\"Fashion Day - Lis Joyas\",\"isPartOf\":{\"@id\":\"https:\/\/lisjoyas.com\/#website\"},\"datePublished\":\"2024-11-20T17:05:02+00:00\",\"dateModified\":\"2024-11-20T17:05:02+00:00\",\"description\":\"Lis Joyas fue parte de esta pasarela especial presentando la colecci\u00f3n primavera verano 2025 en el Hotel Cottage de Carrasco\",\"breadcrumb\":{\"@id\":\"https:\/\/lisjoyas.com\/2024\/11\/20\/fashionday\/#breadcrumb\"},\"inLanguage\":\"en-US\",\"potentialAction\":[{\"@type\":\"ReadAction\",\"target\":[\"https:\/\/lisjoyas.com\/2024\/11\/20\/fashionday\/\"]}]},{\"@type\":\"BreadcrumbList\",\"@id\":\"https:\/\/lisjoyas.com\/2024\/11\/20\/fashionday\/#breadcrumb\",\"itemListElement\":[{\"@type\":\"ListItem\",\"position\":1,\"name\":\"Portada\",\"item\":\"https:\/\/lisjoyas.com\/\"},{\"@type\":\"ListItem\",\"position\":2,\"name\":\"Fashion Day\"}]},{\"@type\":\"WebSite\",\"@id\":\"https:\/\/lisjoyas.com\/#website\",\"url\":\"https:\/\/lisjoyas.com\/\",\"name\":\"LIS Joyas\",\"description\":\"LIS Joyas\",\"publisher\":{\"@id\":\"https:\/\/lisjoyas.com\/#organization\"},\"potentialAction\":[{\"@type\":\"SearchAction\",\"target\":{\"@type\":\"EntryPoint\",\"urlTemplate\":\"https:\/\/lisjoyas.com\/?s={search_term_string}\"},\"query-input\":\"required name=search_term_string\"}],\"inLanguage\":\"en-US\"},{\"@type\":\"Organization\",\"@id\":\"https:\/\/lisjoyas.com\/#organization\",\"name\":\"Lis Joyas\",\"url\":\"https:\/\/lisjoyas.com\/\",\"logo\":{\"@type\":\"ImageObject\",\"inLanguage\":\"en-US\",\"@id\":\"https:\/\/lisjoyas.com\/#\/schema\/logo\/image\/\",\"url\":\"https:\/\/lisjoyas.com\/wp-content\/uploads\/2024\/04\/Lis_logo_color.svg\",\"contentUrl\":\"https:\/\/lisjoyas.com\/wp-content\/uploads\/2024\/04\/Lis_logo_color.svg\",\"width\":\"1024\",\"height\":\"1024\",\"caption\":\"Lis Joyas\"},\"image\":{\"@id\":\"https:\/\/lisjoyas.com\/#\/schema\/logo\/image\/\"},\"sameAs\":[\"https:\/\/www.facebook.com\/joyascontemporaneaslis?locale=es_LA\",\"https:\/\/www.instagram.com\/lisjoyas_\/\"]},{\"@type\":\"Person\",\"@id\":\"https:\/\/lisjoyas.com\/#\/schema\/person\/b99836c1c5edc8d3135c283ea53a99e4\",\"name\":\"Lis Joyas\",\"url\":\"http:\/\/lisjoyas.com\/en\/author\/creator_a\/\"}]}<\/script>\n<!-- \/ Yoast SEO plugin. -->","yoast_head_json":{"title":"Fashion Day - Lis Joyas","description":"Lis Joyas fue parte de esta pasarela especial presentando la colecci\u00f3n primavera verano 2025 en el Hotel Cottage de Carrasco","robots":{"index":"index","follow":"follow","max-snippet":"max-snippet:-1","max-image-preview":"max-image-preview:large","max-video-preview":"max-video-preview:-1"},"canonical":"http:\/\/lisjoyas.com\/en\/2024\/11\/20\/fashionday\/","og_locale":"en_US","og_type":"article","og_title":"Fashion Day - Lis Joyas","og_description":"Lis Joyas fue parte de esta pasarela especial presentando la colecci\u00f3n primavera verano 2025 en el Hotel Cottage de Carrasco","og_url":"http:\/\/lisjoyas.com\/en\/2024\/11\/20\/fashionday\/","og_site_name":"Lis Joyas","article_publisher":"https:\/\/www.facebook.com\/joyascontemporaneaslis?locale=es_LA","article_published_time":"2024-11-20T17:05:02+00:00","og_image":[{"width":500,"height":688,"url":"https:\/\/lisjoyas.com\/wp-content\/uploads\/2024\/10\/pendientes-square-rojo.jpg","type":"image\/jpeg"}],"author":"Lis Joyas","twitter_card":"summary_large_image","twitter_misc":{"Written by":"Lis Joyas","Est. reading time":"2 minutes"},"schema":{"@context":"https:\/\/schema.org","@graph":[{"@type":"Article","@id":"https:\/\/lisjoyas.com\/2024\/11\/20\/fashionday\/#article","isPartOf":{"@id":"https:\/\/lisjoyas.com\/2024\/11\/20\/fashionday\/"},"author":{"name":"Lis Joyas","@id":"https:\/\/lisjoyas.com\/#\/schema\/person\/b99836c1c5edc8d3135c283ea53a99e4"},"headline":"Fashion Day","datePublished":"2024-11-20T17:05:02+00:00","dateModified":"2024-11-20T17:05:02+00:00","mainEntityOfPage":{"@id":"https:\/\/lisjoyas.com\/2024\/11\/20\/fashionday\/"},"wordCount":542,"commentCount":0,"publisher":{"@id":"https:\/\/lisjoyas.com\/#organization"},"keywords":["desfiles","fashionday","lis joyas","moda","uruguay for export"],"articleSection":["2024","Prensa"],"inLanguage":"en-US","potentialAction":[{"@type":"CommentAction","name":"Comment","target":["https:\/\/lisjoyas.com\/2024\/11\/20\/fashionday\/#respond"]}]},{"@type":"WebPage","@id":"https:\/\/lisjoyas.com\/2024\/11\/20\/fashionday\/","url":"https:\/\/lisjoyas.com\/2024\/11\/20\/fashionday\/","name":"Fashion Day - Lis Joyas","isPartOf":{"@id":"https:\/\/lisjoyas.com\/#website"},"datePublished":"2024-11-20T17:05:02+00:00","dateModified":"2024-11-20T17:05:02+00:00","description":"Lis Joyas fue parte de esta pasarela especial presentando la colecci\u00f3n primavera verano 2025 en el Hotel Cottage de Carrasco","breadcrumb":{"@id":"https:\/\/lisjoyas.com\/2024\/11\/20\/fashionday\/#breadcrumb"},"inLanguage":"en-US","potentialAction":[{"@type":"ReadAction","target":["https:\/\/lisjoyas.com\/2024\/11\/20\/fashionday\/"]}]},{"@type":"BreadcrumbList","@id":"https:\/\/lisjoyas.com\/2024\/11\/20\/fashionday\/#breadcrumb","itemListElement":[{"@type":"ListItem","position":1,"name":"Portada","item":"https:\/\/lisjoyas.com\/"},{"@type":"ListItem","position":2,"name":"Fashion Day"}]},{"@type":"WebSite","@id":"https:\/\/lisjoyas.com\/#website","url":"https:\/\/lisjoyas.com\/","name":"LIS Joyas","description":"LIS Joyas","publisher":{"@id":"https:\/\/lisjoyas.com\/#organization"},"potentialAction":[{"@type":"SearchAction","target":{"@type":"EntryPoint","urlTemplate":"https:\/\/lisjoyas.com\/?s={search_term_string}"},"query-input":"required name=search_term_string"}],"inLanguage":"en-US"},{"@type":"Organization","@id":"https:\/\/lisjoyas.com\/#organization","name":"Lis Joyas","url":"https:\/\/lisjoyas.com\/","logo":{"@type":"ImageObject","inLanguage":"en-US","@id":"https:\/\/lisjoyas.com\/#\/schema\/logo\/image\/","url":"https:\/\/lisjoyas.com\/wp-content\/uploads\/2024\/04\/Lis_logo_color.svg","contentUrl":"https:\/\/lisjoyas.com\/wp-content\/uploads\/2024\/04\/Lis_logo_color.svg","width":"1024","height":"1024","caption":"Lis Joyas"},"image":{"@id":"https:\/\/lisjoyas.com\/#\/schema\/logo\/image\/"},"sameAs":["https:\/\/www.facebook.com\/joyascontemporaneaslis?locale=es_LA","https:\/\/www.instagram.com\/lisjoyas_\/"]},{"@type":"Person","@id":"https:\/\/lisjoyas.com\/#\/schema\/person\/b99836c1c5edc8d3135c283ea53a99e4","name":"Lis Joyas","url":"http:\/\/lisjoyas.com\/en\/author\/creator_a\/"}]}},"_links":{"self":[{"href":"http:\/\/lisjoyas.com\/en\/wp-json\/wp\/v2\/posts\/4119","targetHints":{"allow":["GET"]}}],"collection":[{"href":"http:\/\/lisjoyas.com\/en\/wp-json\/wp\/v2\/posts"}],"about":[{"href":"http:\/\/lisjoyas.com\/en\/wp-json\/wp\/v2\/types\/post"}],"author":[{"embeddable":true,"href":"http:\/\/lisjoyas.com\/en\/wp-json\/wp\/v2\/users\/2"}],"replies":[{"embeddable":true,"href":"http:\/\/lisjoyas.com\/en\/wp-json\/wp\/v2\/comments?post=4119"}],"version-history":[{"count":2,"href":"http:\/\/lisjoyas.com\/en\/wp-json\/wp\/v2\/posts\/4119\/revisions"}],"predecessor-version":[{"id":4121,"href":"http:\/\/lisjoyas.com\/en\/wp-json\/wp\/v2\/posts\/4119\/revisions\/4121"}],"wp:attachment":[{"href":"http:\/\/lisjoyas.com\/en\/wp-json\/wp\/v2\/media?parent=4119"}],"wp:term":[{"taxonomy":"category","embeddable":true,"href":"http:\/\/lisjoyas.com\/en\/wp-json\/wp\/v2\/categories?post=4119"},{"taxonomy":"post_tag","embeddable":true,"href":"http:\/\/lisjoyas.com\/en\/wp-json\/wp\/v2\/tags?post=4119"}],"curies":[{"name":"wp","href":"https:\/\/api.w.org\/{rel}","templated":true}]}}